{"id":36,"name":"Rauf Belge","url":"","description":"\u0130stanbul Fatih \u00dcniversitesi Fen-Edebiyat Fak\u00fcltesi Co\u011frafya B\u00f6l\u00fcm\u00fc 2014. Marmara \u00dcniversitesi Sosyal Bilimler Enstit\u00fcs\u00fc\u2019nden \u201cBir Be\u015fer\u00ee Co\u011frafyac\u0131 Olarak \u0130bn Haldun\u201d YL Tezi 2016. 2014-2017 y\u0131llar\u0131 aras\u0131nda Marmara \u00dcniversitesi Fen-Edebiyat Fak\u00fcltesi Co\u011frafya B\u00f6l\u00fcm\u00fc\u2019nde, 2018\u2019den beri Pamukkale \u00dcniversitesi \u0130nsan ve Toplum Bilimleri Fak\u00fcltesi Co\u011frafya B\u00f6l\u00fcm\u00fcnde \u00e7al\u0131\u015fmakta. \u00c7al\u0131\u015fma alanlar\u0131 \u015fehir, n\u00fcfus ve k\u00fclt\u00fcrel co\u011frafyad\u0131r.","link":"https:\/\/hernefes.com\/en\/yazar\/rauf-belge\/","slug":"rauf-belge","avatar_urls":{"24":"https:\/\/hernefes.com\/wp-content\/uploads\/2022\/10\/Rauf-Belge-Foto-24x24.jpg","48":"https:\/\/hernefes.com\/wp-content\/uploads\/2022\/10\/Rauf-Belge-Foto-48x48.jpg","96":"https:\/\/hernefes.com\/wp-content\/uploads\/2022\/10\/Rauf-Belge-Foto-96x96.jpg"},"meta":[],"acf":[],"penci_avatar":null,"_links":{"self":[{"href":"https:\/\/hernefes.com\/en\/wp-json\/wp\/v2\/users\/36","targetHints":{"allow":["GET"]}}],"collection":[{"href":"https:\/\/hernefes.com\/en\/wp-json\/wp\/v2\/users"}]}}