{"id":38,"name":"Eylem Abal\u0131o\u011flu","url":"","description":"Beden sanat\u00e7\u0131s\u0131. Danseder, d\u00fc\u015f\u00fcn\u00fcr, yazar, oynar. Hareket alanlar\u0131: Felsefe, Eski Yunan d\u00fc\u015f\u00fcncesi, somatik \u00e7al\u0131\u015fmalar ve performanst\u0131r. Kadir Has \u00dcniversitesi\u2019nde \u201cCreative Process\u201d dersini y\u00fcr\u00fct\u00fcr.","link":"https:\/\/hernefes.com\/en\/yazar\/eylemabalioglu\/","slug":"eylemabalioglu","avatar_urls":{"24":"https:\/\/hernefes.com\/wp-content\/uploads\/2022\/10\/eylem-abalioglu-e1666513935590-24x24.jpg","48":"https:\/\/hernefes.com\/wp-content\/uploads\/2022\/10\/eylem-abalioglu-e1666513935590-48x48.jpg","96":"https:\/\/hernefes.com\/wp-content\/uploads\/2022\/10\/eylem-abalioglu-e1666513935590-96x96.jpg"},"meta":[],"acf":[],"penci_avatar":null,"_links":{"self":[{"href":"https:\/\/hernefes.com\/en\/wp-json\/wp\/v2\/users\/38","targetHints":{"allow":["GET"]}}],"collection":[{"href":"https:\/\/hernefes.com\/en\/wp-json\/wp\/v2\/users"}]}}