{"id":57,"name":"M\u00e2ye Caferz\u00e2de","url":"","description":"Terakki'de \u00f6\u011frenci, sanatsever, iki k\u00f6pe\u011fin insan\u0131, gezer, g\u00f6r\u00fcr, \u00e7izer.","link":"https:\/\/hernefes.com\/en\/yazar\/mayecaferzade\/","slug":"mayecaferzade","avatar_urls":{"24":"https:\/\/hernefes.com\/wp-content\/uploads\/2023\/01\/maye-caferzade-24x24.jpg","48":"https:\/\/hernefes.com\/wp-content\/uploads\/2023\/01\/maye-caferzade-48x48.jpg","96":"https:\/\/hernefes.com\/wp-content\/uploads\/2023\/01\/maye-caferzade-96x96.jpg"},"meta":[],"acf":[],"penci_avatar":null,"_links":{"self":[{"href":"https:\/\/hernefes.com\/en\/wp-json\/wp\/v2\/users\/57","targetHints":{"allow":["GET"]}}],"collection":[{"href":"https:\/\/hernefes.com\/en\/wp-json\/wp\/v2\/users"}]}}