{"id":78,"name":"Stephanie Sayegh","url":"","description":"Yurtd\u0131\u015f\u0131nda ge\u00e7irdi\u011fim 24 y\u0131l\u0131n ard\u0131ndan Marsilya'da, fiziksel, zihinsel ve ruhsal hareketler yoluyla ba\u015fkalar\u0131n\u0131n \u0131\u015f\u0131\u011f\u0131n\u0131n ortaya \u00e7\u0131kmas\u0131n\u0131 kolayla\u015ft\u0131rma konusunda tutkuluyum. Nefes, Pilates ve Yoga alan\u0131ndaki \u00e7al\u0131\u015fmalar\u0131m, esenlik ve zihin-beden-ruh aras\u0131ndaki ba\u011flant\u0131y\u0131 ke\u015ffetmem i\u00e7in bana ilham verdi. \u015eu anda, esneklik ve esenlik geli\u015ftirmeye y\u00f6nelik daha b\u00fct\u00fcnle\u015ftirici bir yakla\u015f\u0131m geli\u015ftirmek i\u00e7in polivagal teoriye dayanan y\u00f6nlendirici olmayan bir terapi y\u00f6ntemi \u00fczerinde \u00e7al\u0131\u015f\u0131yorum.","link":"https:\/\/hernefes.com\/en\/yazar\/stephaniesayegh\/","slug":"stephaniesayegh","avatar_urls":{"24":"https:\/\/hernefes.com\/wp-content\/uploads\/2023\/06\/StephanieSayegh-scaled-24x24.jpg","48":"https:\/\/hernefes.com\/wp-content\/uploads\/2023\/06\/StephanieSayegh-scaled-48x48.jpg","96":"https:\/\/hernefes.com\/wp-content\/uploads\/2023\/06\/StephanieSayegh-scaled-96x96.jpg"},"meta":[],"acf":[],"penci_avatar":null,"_links":{"self":[{"href":"https:\/\/hernefes.com\/en\/wp-json\/wp\/v2\/users\/78","targetHints":{"allow":["GET"]}}],"collection":[{"href":"https:\/\/hernefes.com\/en\/wp-json\/wp\/v2\/users"}]}}