{"id":83,"name":"Sevilay Durmu\u015f","url":"","description":"2023 Ayd\u0131n Adnan Menderes \u00dcniversitesi T\u00fcrk Dili ve Edebiyat\u0131 YL. \r\nSade, samimi ve sessiz hayat yolculu\u011funda \u00e2lemi tem\u00e2\u015f\u00e2 eyleyen bir garip seyy\u00e2h\u2026","link":"https:\/\/hernefes.com\/en\/yazar\/sevilaydurmus\/","slug":"sevilaydurmus","avatar_urls":{"24":"https:\/\/hernefes.com\/wp-content\/uploads\/2023\/08\/20230721_150415-scaled-24x24.jpg","48":"https:\/\/hernefes.com\/wp-content\/uploads\/2023\/08\/20230721_150415-scaled-48x48.jpg","96":"https:\/\/hernefes.com\/wp-content\/uploads\/2023\/08\/20230721_150415-scaled-96x96.jpg"},"meta":[],"acf":[],"penci_avatar":null,"_links":{"self":[{"href":"https:\/\/hernefes.com\/en\/wp-json\/wp\/v2\/users\/83","targetHints":{"allow":["GET"]}}],"collection":[{"href":"https:\/\/hernefes.com\/en\/wp-json\/wp\/v2\/users"}]}}